{"id":2964,"date":"2023-01-10T10:46:03","date_gmt":"2023-01-10T13:46:03","guid":{"rendered":"https:\/\/sensustec.com.br\/?p=2964"},"modified":"2023-01-10T10:46:03","modified_gmt":"2023-01-10T13:46:03","slug":"qual-e-o-maior-obstaculo-do-janeiro-branco-que-as-empresas-enfrentam","status":"publish","type":"post","link":"https:\/\/sensustec.com.br\/blog\/qual-e-o-maior-obstaculo-do-janeiro-branco-que-as-empresas-enfrentam\/","title":{"rendered":"Qual \u00e9 o maior obst\u00e1culo do Janeiro Branco que as empresas\u00a0enfrentam?"},"content":{"rendered":"<h1 style=\"text-align: center;\"><b>At\u00e9 onde voc\u00ea sabe sobre o janeiro branco?<\/b><\/h1>\n<p><span style=\"font-weight: 400;\">Quando se fala de sa\u00fade, o que vem em mente \u00e9 algo relativo ao corpo, como uma boa alimenta\u00e7\u00e3o e atividades f\u00edsicas. Com isso, a sa\u00fade mental, se n\u00e3o \u00e9 esquecida, fica em \u00faltimo plano.<\/span><\/p>\n<p><span style=\"font-weight: 400;\">Por isso, o janeiro Branco diz respeito a uma campanha criada por psic\u00f3logos de Uberl\u00e2ndia\/MG para conscientizar, combater preconceitos e mudar padr\u00f5es.<\/span><\/p>\n<p><span style=\"font-weight: 400;\">A cor branca foi a escolhida pelo fato de toda cor poder surgir a partir do branco, proporcionando colorirmos nosso dia a dia com a tonalidade desejada.<\/span><\/p>\n<p><span style=\"font-weight: 400;\">J\u00e1 o janeiro, se d\u00e1 ao fato das pessoas estarem mais dispostas a pensarem sobre suas vidas, relacionamentos, sentimentos e tudo ao seu redor e como uma folha em branco, podem se inspirar a reescreverem sua hist\u00f3ria.<\/span><\/p>\n<p><span style=\"font-weight: 400;\">A campanha tem por objetivo chamar a aten\u00e7\u00e3o para quest\u00f5es relacionadas a sa\u00fade mental e emocional e promover a mudan\u00e7a de vida, a busca pela felicidade, mostrando que a vida \u00e9 feita de ciclos e com esfor\u00e7o, podemos encerrar as fases ruins e iniciar as que nos trar\u00e1 alegria.<\/span><\/p>\n<p><span style=\"font-weight: 400;\">Sa\u00fade mental nem sempre foi levada a s\u00e9rio. A iniciativa mostra a necessidade das pessoas falarem sobre o assunto, mas que muitas vezes sentem vergonha de serem julgadas.<\/span><\/p>\n<h2><b>Qual \u00e9 o maior obst\u00e1culo do Janeiro Branco que as empresas\u00a0enfrentam?<\/b><\/h2>\n<p><span style=\"font-weight: 400;\">Ter funcion\u00e1rios adoecidos e afastados gera um enorme problema para a empresa. Se n\u00e3o h\u00e1 preocupa\u00e7\u00e3o com a sa\u00fade mental do pessoal, favorece em prejudicar o rendimento empresarial.<\/span><\/p>\n<p><span style=\"font-weight: 400;\">Quando a empresa n\u00e3o tem h\u00e1bitos de bem-estar, prefere o lucro a sa\u00fade da equipe. Assim, estresse, ansiedade, depress\u00e3o e outras doen\u00e7as mentais exp\u00f5em baixo desempenho, reduzindo rendimento e sobrecarregando outros profissionais, que podem tamb\u00e9m prejudicar a sa\u00fade mental devido sobrecarga, mais press\u00e3o, etc.<\/span><\/p>\n<p><span style=\"font-weight: 400;\">Se a organiza\u00e7\u00e3o quer um ambiente saud\u00e1vel, valorizando a sa\u00fade e bem estar dos profissionais, precisa ter planos e a\u00e7\u00f5es para impedir e tratar da sa\u00fade mental. Incentive a ampla troca de ideias para que os funcion\u00e1rios sintam-se agrad\u00e1veis em repartir qualquer tipo de concep\u00e7\u00e3o.<\/span><\/p>\n<p><span style=\"font-weight: 400;\">\u00c9 de grande relev\u00e2ncia a organiza\u00e7\u00e3o ter m\u00e9todos preventivos para contribuir com a sa\u00fade e bem estar f\u00edsico e emocional de seus funcion\u00e1rios.<\/span><\/p>\n<p><span style=\"font-weight: 400;\">Uma pessoa que est\u00e1 bem f\u00edsica e emocionalmente t\u00eam mais foco, motiva\u00e7\u00e3o, fica menos ausente no trabalho al\u00e9m de ser mais produtivo e diminui a rotatividade de pessoal na empresa.<\/span><\/p>\n<p><span style=\"font-weight: 400;\">Obter a\u00e7\u00f5es focadas na sa\u00fade mental coopera no combate \u00e0s doen\u00e7as mentais, ligado a qualidade de vida. Desse modo, \u00e9 crucial atuar de forma eficaz na conscientiza\u00e7\u00e3o sobre o poder de cuidar da sa\u00fade mental.<\/span><\/p>\n","protected":false},"excerpt":{"rendered":"<p>At\u00e9 onde voc\u00ea sabe sobre o janeiro branco? Quando se fala de sa\u00fade, o que vem em mente \u00e9 algo relativo ao corpo, como uma&#8230;<\/p>\n","protected":false},"author":1,"featured_media":2965,"comment_status":"closed","ping_status":"closed","sticky":false,"template":"","format":"standard","meta":{"footnotes":""},"categories":[2],"tags":[],"class_list":["post-2964","post","type-post","status-publish","format-standard","has-post-thumbnail","hentry","category-artigos"],"yoast_head":"<!-- This site is optimized with the Yoast SEO plugin v27.4 - https:\/\/yoast.com\/product\/yoast-seo-wordpress\/ -->\n<title>Qual \u00e9 o maior obst\u00e1culo do Janeiro Branco que as empresas\u00a0enfrentam? - Blog Sensus<\/title>\n<meta name=\"description\" content=\"Qual \u00e9 o maior obst\u00e1culo do Janeiro Branco que as empresas\u00a0enfrentam? Descubra nesse blog, um pouco mais sobre o tema.\" \/>\n<meta name=\"robots\" content=\"index, follow, max-snippet:-1, max-image-preview:large, max-video-preview:-1\" \/>\n<link rel=\"canonical\" href=\"https:\/\/sensustec.com.br\/blog\/qual-e-o-maior-obstaculo-do-janeiro-branco-que-as-empresas-enfrentam\/\" \/>\n<meta property=\"og:locale\" content=\"pt_BR\" \/>\n<meta property=\"og:type\" content=\"article\" \/>\n<meta property=\"og:title\" content=\"Qual \u00e9 o maior obst\u00e1culo do Janeiro Branco que as empresas\u00a0enfrentam? - Blog Sensus\" \/>\n<meta property=\"og:description\" content=\"Qual \u00e9 o maior obst\u00e1culo do Janeiro Branco que as empresas\u00a0enfrentam? Descubra nesse blog, um pouco mais sobre o tema.\" \/>\n<meta property=\"og:url\" content=\"https:\/\/sensustec.com.br\/blog\/qual-e-o-maior-obstaculo-do-janeiro-branco-que-as-empresas-enfrentam\/\" \/>\n<meta property=\"og:site_name\" content=\"Blog Sensus\" \/>\n<meta property=\"article:publisher\" content=\"https:\/\/www.facebook.com\/Sensustecnologia\/\" \/>\n<meta property=\"article:published_time\" content=\"2023-01-10T13:46:03+00:00\" \/>\n<meta property=\"og:image\" content=\"https:\/\/sensustec.com.br\/blog\/wp-content\/uploads\/2023\/01\/blogjaneiro.png\" \/>\n\t<meta property=\"og:image:width\" content=\"1024\" \/>\n\t<meta property=\"og:image:height\" content=\"768\" \/>\n\t<meta property=\"og:image:type\" content=\"image\/png\" \/>\n<meta name=\"author\" content=\"Sensus\" \/>\n<meta name=\"twitter:card\" content=\"summary_large_image\" \/>\n<meta name=\"twitter:label1\" content=\"Escrito por\" \/>\n\t<meta name=\"twitter:data1\" content=\"Sensus\" \/>\n\t<meta name=\"twitter:label2\" content=\"Est. tempo de leitura\" \/>\n\t<meta name=\"twitter:data2\" content=\"3 minutos\" \/>\n<script type=\"application\/ld+json\" class=\"yoast-schema-graph\">{\"@context\":\"https:\\\/\\\/schema.org\",\"@graph\":[{\"@type\":\"Article\",\"@id\":\"https:\\\/\\\/sensustec.com.br\\\/blog\\\/qual-e-o-maior-obstaculo-do-janeiro-branco-que-as-empresas-enfrentam\\\/#article\",\"isPartOf\":{\"@id\":\"https:\\\/\\\/sensustec.com.br\\\/blog\\\/qual-e-o-maior-obstaculo-do-janeiro-branco-que-as-empresas-enfrentam\\\/\"},\"author\":{\"name\":\"Sensus\",\"@id\":\"https:\\\/\\\/sensustec.com.br\\\/blog\\\/#\\\/schema\\\/person\\\/23307f8f4474c86123a901e0c7e9d23f\"},\"headline\":\"Qual \u00e9 o maior obst\u00e1culo do Janeiro Branco que as empresas\u00a0enfrentam?\",\"datePublished\":\"2023-01-10T13:46:03+00:00\",\"mainEntityOfPage\":{\"@id\":\"https:\\\/\\\/sensustec.com.br\\\/blog\\\/qual-e-o-maior-obstaculo-do-janeiro-branco-que-as-empresas-enfrentam\\\/\"},\"wordCount\":483,\"publisher\":{\"@id\":\"https:\\\/\\\/sensustec.com.br\\\/blog\\\/#organization\"},\"image\":{\"@id\":\"https:\\\/\\\/sensustec.com.br\\\/blog\\\/qual-e-o-maior-obstaculo-do-janeiro-branco-que-as-empresas-enfrentam\\\/#primaryimage\"},\"thumbnailUrl\":\"https:\\\/\\\/sensustec.com.br\\\/blog\\\/wp-content\\\/uploads\\\/2023\\\/01\\\/blogjaneiro.png\",\"articleSection\":[\"Artigos\"],\"inLanguage\":\"pt-BR\"},{\"@type\":\"WebPage\",\"@id\":\"https:\\\/\\\/sensustec.com.br\\\/blog\\\/qual-e-o-maior-obstaculo-do-janeiro-branco-que-as-empresas-enfrentam\\\/\",\"url\":\"https:\\\/\\\/sensustec.com.br\\\/blog\\\/qual-e-o-maior-obstaculo-do-janeiro-branco-que-as-empresas-enfrentam\\\/\",\"name\":\"Qual \u00e9 o maior obst\u00e1culo do Janeiro Branco que as empresas\u00a0enfrentam? - Blog Sensus\",\"isPartOf\":{\"@id\":\"https:\\\/\\\/sensustec.com.br\\\/blog\\\/#website\"},\"primaryImageOfPage\":{\"@id\":\"https:\\\/\\\/sensustec.com.br\\\/blog\\\/qual-e-o-maior-obstaculo-do-janeiro-branco-que-as-empresas-enfrentam\\\/#primaryimage\"},\"image\":{\"@id\":\"https:\\\/\\\/sensustec.com.br\\\/blog\\\/qual-e-o-maior-obstaculo-do-janeiro-branco-que-as-empresas-enfrentam\\\/#primaryimage\"},\"thumbnailUrl\":\"https:\\\/\\\/sensustec.com.br\\\/blog\\\/wp-content\\\/uploads\\\/2023\\\/01\\\/blogjaneiro.png\",\"datePublished\":\"2023-01-10T13:46:03+00:00\",\"description\":\"Qual \u00e9 o maior obst\u00e1culo do Janeiro Branco que as empresas\u00a0enfrentam? Descubra nesse blog, um pouco mais sobre o tema.\",\"breadcrumb\":{\"@id\":\"https:\\\/\\\/sensustec.com.br\\\/blog\\\/qual-e-o-maior-obstaculo-do-janeiro-branco-que-as-empresas-enfrentam\\\/#breadcrumb\"},\"inLanguage\":\"pt-BR\",\"potentialAction\":[{\"@type\":\"ReadAction\",\"target\":[\"https:\\\/\\\/sensustec.com.br\\\/blog\\\/qual-e-o-maior-obstaculo-do-janeiro-branco-que-as-empresas-enfrentam\\\/\"]}]},{\"@type\":\"ImageObject\",\"inLanguage\":\"pt-BR\",\"@id\":\"https:\\\/\\\/sensustec.com.br\\\/blog\\\/qual-e-o-maior-obstaculo-do-janeiro-branco-que-as-empresas-enfrentam\\\/#primaryimage\",\"url\":\"https:\\\/\\\/sensustec.com.br\\\/blog\\\/wp-content\\\/uploads\\\/2023\\\/01\\\/blogjaneiro.png\",\"contentUrl\":\"https:\\\/\\\/sensustec.com.br\\\/blog\\\/wp-content\\\/uploads\\\/2023\\\/01\\\/blogjaneiro.png\",\"width\":1024,\"height\":768,\"caption\":\"ate-onde-voce-sabe-sobre-o-janeiro-branco\"},{\"@type\":\"BreadcrumbList\",\"@id\":\"https:\\\/\\\/sensustec.com.br\\\/blog\\\/qual-e-o-maior-obstaculo-do-janeiro-branco-que-as-empresas-enfrentam\\\/#breadcrumb\",\"itemListElement\":[{\"@type\":\"ListItem\",\"position\":1,\"name\":\"In\u00edcio\",\"item\":\"https:\\\/\\\/sensustec.com.br\\\/blog\\\/\"},{\"@type\":\"ListItem\",\"position\":2,\"name\":\"Qual \u00e9 o maior obst\u00e1culo do Janeiro Branco que as empresas\u00a0enfrentam?\"}]},{\"@type\":\"WebSite\",\"@id\":\"https:\\\/\\\/sensustec.com.br\\\/blog\\\/#website\",\"url\":\"https:\\\/\\\/sensustec.com.br\\\/blog\\\/\",\"name\":\"Sensus Blog\",\"description\":\"\",\"publisher\":{\"@id\":\"https:\\\/\\\/sensustec.com.br\\\/blog\\\/#organization\"},\"potentialAction\":[{\"@type\":\"SearchAction\",\"target\":{\"@type\":\"EntryPoint\",\"urlTemplate\":\"https:\\\/\\\/sensustec.com.br\\\/blog\\\/?s={search_term_string}\"},\"query-input\":{\"@type\":\"PropertyValueSpecification\",\"valueRequired\":true,\"valueName\":\"search_term_string\"}}],\"inLanguage\":\"pt-BR\"},{\"@type\":\"Organization\",\"@id\":\"https:\\\/\\\/sensustec.com.br\\\/blog\\\/#organization\",\"name\":\"Sensus Tecnologia\",\"url\":\"https:\\\/\\\/sensustec.com.br\\\/blog\\\/\",\"logo\":{\"@type\":\"ImageObject\",\"inLanguage\":\"pt-BR\",\"@id\":\"https:\\\/\\\/sensustec.com.br\\\/blog\\\/#\\\/schema\\\/logo\\\/image\\\/\",\"url\":\"https:\\\/\\\/sensustec.com.br\\\/blog\\\/wp-content\\\/uploads\\\/2026\\\/04\\\/cropped-LOGO-2.png\",\"contentUrl\":\"https:\\\/\\\/sensustec.com.br\\\/blog\\\/wp-content\\\/uploads\\\/2026\\\/04\\\/cropped-LOGO-2.png\",\"width\":181,\"height\":90,\"caption\":\"Sensus Tecnologia\"},\"image\":{\"@id\":\"https:\\\/\\\/sensustec.com.br\\\/blog\\\/#\\\/schema\\\/logo\\\/image\\\/\"},\"sameAs\":[\"https:\\\/\\\/www.facebook.com\\\/Sensustecnologia\\\/\",\"https:\\\/\\\/www.instagram.com\\\/sensustecnologia\\\/\"]},{\"@type\":\"Person\",\"@id\":\"https:\\\/\\\/sensustec.com.br\\\/blog\\\/#\\\/schema\\\/person\\\/23307f8f4474c86123a901e0c7e9d23f\",\"name\":\"Sensus\",\"image\":{\"@type\":\"ImageObject\",\"inLanguage\":\"pt-BR\",\"@id\":\"https:\\\/\\\/secure.gravatar.com\\\/avatar\\\/11f7d14c70c52a2981f25d4c43f65f55c5544bec362c2d1445277852291531a8?s=96&d=mm&r=g\",\"url\":\"https:\\\/\\\/secure.gravatar.com\\\/avatar\\\/11f7d14c70c52a2981f25d4c43f65f55c5544bec362c2d1445277852291531a8?s=96&d=mm&r=g\",\"contentUrl\":\"https:\\\/\\\/secure.gravatar.com\\\/avatar\\\/11f7d14c70c52a2981f25d4c43f65f55c5544bec362c2d1445277852291531a8?s=96&d=mm&r=g\",\"caption\":\"Sensus\"},\"sameAs\":[\"https:\\\/\\\/sensustec.com.br\\\/blog\"],\"url\":\"https:\\\/\\\/sensustec.com.br\\\/blog\\\/author\\\/sensuste\\\/\"}]}<\/script>\n<!-- \/ Yoast SEO plugin. -->","yoast_head_json":{"title":"Qual \u00e9 o maior obst\u00e1culo do Janeiro Branco que as empresas\u00a0enfrentam? - Blog Sensus","description":"Qual \u00e9 o maior obst\u00e1culo do Janeiro Branco que as empresas\u00a0enfrentam? Descubra nesse blog, um pouco mais sobre o tema.","robots":{"index":"index","follow":"follow","max-snippet":"max-snippet:-1","max-image-preview":"max-image-preview:large","max-video-preview":"max-video-preview:-1"},"canonical":"https:\/\/sensustec.com.br\/blog\/qual-e-o-maior-obstaculo-do-janeiro-branco-que-as-empresas-enfrentam\/","og_locale":"pt_BR","og_type":"article","og_title":"Qual \u00e9 o maior obst\u00e1culo do Janeiro Branco que as empresas\u00a0enfrentam? - Blog Sensus","og_description":"Qual \u00e9 o maior obst\u00e1culo do Janeiro Branco que as empresas\u00a0enfrentam? Descubra nesse blog, um pouco mais sobre o tema.","og_url":"https:\/\/sensustec.com.br\/blog\/qual-e-o-maior-obstaculo-do-janeiro-branco-que-as-empresas-enfrentam\/","og_site_name":"Blog Sensus","article_publisher":"https:\/\/www.facebook.com\/Sensustecnologia\/","article_published_time":"2023-01-10T13:46:03+00:00","og_image":[{"width":1024,"height":768,"url":"https:\/\/sensustec.com.br\/blog\/wp-content\/uploads\/2023\/01\/blogjaneiro.png","type":"image\/png"}],"author":"Sensus","twitter_card":"summary_large_image","twitter_misc":{"Escrito por":"Sensus","Est. tempo de leitura":"3 minutos"},"schema":{"@context":"https:\/\/schema.org","@graph":[{"@type":"Article","@id":"https:\/\/sensustec.com.br\/blog\/qual-e-o-maior-obstaculo-do-janeiro-branco-que-as-empresas-enfrentam\/#article","isPartOf":{"@id":"https:\/\/sensustec.com.br\/blog\/qual-e-o-maior-obstaculo-do-janeiro-branco-que-as-empresas-enfrentam\/"},"author":{"name":"Sensus","@id":"https:\/\/sensustec.com.br\/blog\/#\/schema\/person\/23307f8f4474c86123a901e0c7e9d23f"},"headline":"Qual \u00e9 o maior obst\u00e1culo do Janeiro Branco que as empresas\u00a0enfrentam?","datePublished":"2023-01-10T13:46:03+00:00","mainEntityOfPage":{"@id":"https:\/\/sensustec.com.br\/blog\/qual-e-o-maior-obstaculo-do-janeiro-branco-que-as-empresas-enfrentam\/"},"wordCount":483,"publisher":{"@id":"https:\/\/sensustec.com.br\/blog\/#organization"},"image":{"@id":"https:\/\/sensustec.com.br\/blog\/qual-e-o-maior-obstaculo-do-janeiro-branco-que-as-empresas-enfrentam\/#primaryimage"},"thumbnailUrl":"https:\/\/sensustec.com.br\/blog\/wp-content\/uploads\/2023\/01\/blogjaneiro.png","articleSection":["Artigos"],"inLanguage":"pt-BR"},{"@type":"WebPage","@id":"https:\/\/sensustec.com.br\/blog\/qual-e-o-maior-obstaculo-do-janeiro-branco-que-as-empresas-enfrentam\/","url":"https:\/\/sensustec.com.br\/blog\/qual-e-o-maior-obstaculo-do-janeiro-branco-que-as-empresas-enfrentam\/","name":"Qual \u00e9 o maior obst\u00e1culo do Janeiro Branco que as empresas\u00a0enfrentam? - Blog Sensus","isPartOf":{"@id":"https:\/\/sensustec.com.br\/blog\/#website"},"primaryImageOfPage":{"@id":"https:\/\/sensustec.com.br\/blog\/qual-e-o-maior-obstaculo-do-janeiro-branco-que-as-empresas-enfrentam\/#primaryimage"},"image":{"@id":"https:\/\/sensustec.com.br\/blog\/qual-e-o-maior-obstaculo-do-janeiro-branco-que-as-empresas-enfrentam\/#primaryimage"},"thumbnailUrl":"https:\/\/sensustec.com.br\/blog\/wp-content\/uploads\/2023\/01\/blogjaneiro.png","datePublished":"2023-01-10T13:46:03+00:00","description":"Qual \u00e9 o maior obst\u00e1culo do Janeiro Branco que as empresas\u00a0enfrentam? Descubra nesse blog, um pouco mais sobre o tema.","breadcrumb":{"@id":"https:\/\/sensustec.com.br\/blog\/qual-e-o-maior-obstaculo-do-janeiro-branco-que-as-empresas-enfrentam\/#breadcrumb"},"inLanguage":"pt-BR","potentialAction":[{"@type":"ReadAction","target":["https:\/\/sensustec.com.br\/blog\/qual-e-o-maior-obstaculo-do-janeiro-branco-que-as-empresas-enfrentam\/"]}]},{"@type":"ImageObject","inLanguage":"pt-BR","@id":"https:\/\/sensustec.com.br\/blog\/qual-e-o-maior-obstaculo-do-janeiro-branco-que-as-empresas-enfrentam\/#primaryimage","url":"https:\/\/sensustec.com.br\/blog\/wp-content\/uploads\/2023\/01\/blogjaneiro.png","contentUrl":"https:\/\/sensustec.com.br\/blog\/wp-content\/uploads\/2023\/01\/blogjaneiro.png","width":1024,"height":768,"caption":"ate-onde-voce-sabe-sobre-o-janeiro-branco"},{"@type":"BreadcrumbList","@id":"https:\/\/sensustec.com.br\/blog\/qual-e-o-maior-obstaculo-do-janeiro-branco-que-as-empresas-enfrentam\/#breadcrumb","itemListElement":[{"@type":"ListItem","position":1,"name":"In\u00edcio","item":"https:\/\/sensustec.com.br\/blog\/"},{"@type":"ListItem","position":2,"name":"Qual \u00e9 o maior obst\u00e1culo do Janeiro Branco que as empresas\u00a0enfrentam?"}]},{"@type":"WebSite","@id":"https:\/\/sensustec.com.br\/blog\/#website","url":"https:\/\/sensustec.com.br\/blog\/","name":"Sensus Blog","description":"","publisher":{"@id":"https:\/\/sensustec.com.br\/blog\/#organization"},"potentialAction":[{"@type":"SearchAction","target":{"@type":"EntryPoint","urlTemplate":"https:\/\/sensustec.com.br\/blog\/?s={search_term_string}"},"query-input":{"@type":"PropertyValueSpecification","valueRequired":true,"valueName":"search_term_string"}}],"inLanguage":"pt-BR"},{"@type":"Organization","@id":"https:\/\/sensustec.com.br\/blog\/#organization","name":"Sensus Tecnologia","url":"https:\/\/sensustec.com.br\/blog\/","logo":{"@type":"ImageObject","inLanguage":"pt-BR","@id":"https:\/\/sensustec.com.br\/blog\/#\/schema\/logo\/image\/","url":"https:\/\/sensustec.com.br\/blog\/wp-content\/uploads\/2026\/04\/cropped-LOGO-2.png","contentUrl":"https:\/\/sensustec.com.br\/blog\/wp-content\/uploads\/2026\/04\/cropped-LOGO-2.png","width":181,"height":90,"caption":"Sensus Tecnologia"},"image":{"@id":"https:\/\/sensustec.com.br\/blog\/#\/schema\/logo\/image\/"},"sameAs":["https:\/\/www.facebook.com\/Sensustecnologia\/","https:\/\/www.instagram.com\/sensustecnologia\/"]},{"@type":"Person","@id":"https:\/\/sensustec.com.br\/blog\/#\/schema\/person\/23307f8f4474c86123a901e0c7e9d23f","name":"Sensus","image":{"@type":"ImageObject","inLanguage":"pt-BR","@id":"https:\/\/secure.gravatar.com\/avatar\/11f7d14c70c52a2981f25d4c43f65f55c5544bec362c2d1445277852291531a8?s=96&d=mm&r=g","url":"https:\/\/secure.gravatar.com\/avatar\/11f7d14c70c52a2981f25d4c43f65f55c5544bec362c2d1445277852291531a8?s=96&d=mm&r=g","contentUrl":"https:\/\/secure.gravatar.com\/avatar\/11f7d14c70c52a2981f25d4c43f65f55c5544bec362c2d1445277852291531a8?s=96&d=mm&r=g","caption":"Sensus"},"sameAs":["https:\/\/sensustec.com.br\/blog"],"url":"https:\/\/sensustec.com.br\/blog\/author\/sensuste\/"}]}},"_links":{"self":[{"href":"https:\/\/sensustec.com.br\/blog\/wp-json\/wp\/v2\/posts\/2964","targetHints":{"allow":["GET"]}}],"collection":[{"href":"https:\/\/sensustec.com.br\/blog\/wp-json\/wp\/v2\/posts"}],"about":[{"href":"https:\/\/sensustec.com.br\/blog\/wp-json\/wp\/v2\/types\/post"}],"author":[{"embeddable":true,"href":"https:\/\/sensustec.com.br\/blog\/wp-json\/wp\/v2\/users\/1"}],"replies":[{"embeddable":true,"href":"https:\/\/sensustec.com.br\/blog\/wp-json\/wp\/v2\/comments?post=2964"}],"version-history":[{"count":0,"href":"https:\/\/sensustec.com.br\/blog\/wp-json\/wp\/v2\/posts\/2964\/revisions"}],"wp:featuredmedia":[{"embeddable":true,"href":"https:\/\/sensustec.com.br\/blog\/wp-json\/wp\/v2\/media\/2965"}],"wp:attachment":[{"href":"https:\/\/sensustec.com.br\/blog\/wp-json\/wp\/v2\/media?parent=2964"}],"wp:term":[{"taxonomy":"category","embeddable":true,"href":"https:\/\/sensustec.com.br\/blog\/wp-json\/wp\/v2\/categories?post=2964"},{"taxonomy":"post_tag","embeddable":true,"href":"https:\/\/sensustec.com.br\/blog\/wp-json\/wp\/v2\/tags?post=2964"}],"curies":[{"name":"wp","href":"https:\/\/api.w.org\/{rel}","templated":true}]}}